{"id":5869,"date":"2026-01-16T13:08:41","date_gmt":"2026-01-16T12:08:41","guid":{"rendered":"https:\/\/bidads.pl\/?p=5869"},"modified":"2026-03-05T10:40:19","modified_gmt":"2026-03-05T09:40:19","slug":"magdalena-radecka-na-stanowisku-head-of-talent-operations-w-bidads","status":"publish","type":"post","link":"https:\/\/bidads.pl\/en\/magdalena-radecka-na-stanowisku-head-of-talent-operations-w-bidads\/","title":{"rendered":"Awans Magdaleny Radeckiej w BIDads"},"content":{"rendered":"<div data-elementor-type=\"wp-post\" data-elementor-id=\"5869\" class=\"elementor elementor-5869\">\n\t\t\t\t<div class=\"elementor-element elementor-element-f5133d9 e-flex e-con-boxed e-con e-parent\" data-id=\"f5133d9\" data-element_type=\"container\">\n\t\t\t\t\t<div class=\"e-con-inner\">\n\t\t\t\t<div class=\"elementor-element elementor-element-cabe19e elementor-widget elementor-widget-text-editor\" data-id=\"cabe19e\" data-element_type=\"widget\" data-widget_type=\"text-editor.default\">\n\t\t\t\t<div class=\"elementor-widget-container\">\n\t\t\t\t\t\t\t\t\t<p><b>Magdalena Radecka obj\u0119\u0142a stanowisko Head of Talent &amp; Operations w firmie BIDads, specjalizuj\u0105cej si\u0119 w body leasingu w obszarze digital marketingu. Jej awans wpisuje si\u0119 w strategi\u0119 rozwoju firmy, kt\u00f3ra konsekwentnie wzmacnia swoj\u0105 pozycj\u0119 jako partnera dostarczaj\u0105cego wyspecjalizowane zespo\u0142y i ekspert\u00f3w w obszarze marketingu cyfrowego.\u00a0<\/b><\/p>\t\t\t\t\t\t\t\t<\/div>\n\t\t\t\t<\/div>\n\t\t\t\t\t<\/div>\n\t\t\t\t<\/div>\n\t\t<div class=\"elementor-element elementor-element-04ecd87 e-flex e-con-boxed e-con e-parent\" data-id=\"04ecd87\" data-element_type=\"container\">\n\t\t\t\t\t<div class=\"e-con-inner\">\n\t\t\t\t<div class=\"elementor-element elementor-element-348625f elementor-widget elementor-widget-text-editor\" data-id=\"348625f\" data-element_type=\"widget\" data-widget_type=\"text-editor.default\">\n\t\t\t\t<div class=\"elementor-widget-container\">\n\t\t\t\t\t\t\t\t\t<p>Magdalena Radecka jako Head of Talent &amp; Operations w BIDads odpowiada za zarz\u0105dzanie obszarem talent\u00f3w i operacji w firmie, w tym za planowanie i realizacj\u0119 proces\u00f3w rekrutacyjnych specjalist\u00f3w digital marketingu w formule body leasingu, dopasowywanie ich kompetencji do potrzeb klient\u00f3w, koordynacj\u0119 wsp\u00f3\u0142pracy z klientami, usprawnianie i standaryzacj\u0119 proces\u00f3w operacyjnych, nadz\u00f3r nad jako\u015bci\u0105 realizowanych projekt\u00f3w oraz wspieranie rozwoju oferty firmy w odpowiedzi na zmieniaj\u0105ce si\u0119 potrzeby rynku.<\/p>\t\t\t\t\t\t\t\t<\/div>\n\t\t\t\t<\/div>\n\t\t\t\t<div class=\"elementor-element elementor-element-a48337f elementor-widget elementor-widget-text-editor\" data-id=\"a48337f\" data-element_type=\"widget\" data-widget_type=\"text-editor.default\">\n\t\t\t\t<div class=\"elementor-widget-container\">\n\t\t\t\t\t\t\t\t\t<p><em>&#8211; Body leasing w digital marketingu coraz cz\u0119\u015bciej staje si\u0119 strategicznym modelem wsp\u00f3\u0142pracy, a nie tylko rozwi\u0105zaniem dora\u017anym. Firmy oczekuj\u0105 elastyczno\u015bci, szybkiego dost\u0119pu do kompetencji i realnego wsparcia w realizacji cel\u00f3w biznesowych. Ciesz\u0119 si\u0119, \u017ce mog\u0119 odpowiada\u0107 za ten obszar w tak kluczowym momencie rozwoju rynku<\/em> - says <b>Magdalena Radecka, Head of Talent &amp; Operations<\/b> w BIDads.<\/p>\t\t\t\t\t\t\t\t<\/div>\n\t\t\t\t<\/div>\n\t\t\t\t<div class=\"elementor-element elementor-element-0155018 elementor-widget elementor-widget-text-editor\" data-id=\"0155018\" data-element_type=\"widget\" data-widget_type=\"text-editor.default\">\n\t\t\t\t<div class=\"elementor-widget-container\">\n\t\t\t\t\t\t\t\t\t<p>Magdalena Radecka z BIDads jest zwi\u0105zana od ponad trzech lat, a jej awans wpisuje si\u0119 w strategi\u0119 rozwoju firmy, kt\u00f3ra konsekwentnie wzmacnia swoj\u0105 pozycj\u0119 jako partnera dostarczaj\u0105cego wyspecjalizowane zespo\u0142y i ekspert\u00f3w w obszarze digital marketingu. Rosn\u0105ca z\u0142o\u017cono\u015b\u0107 ekosystemu reklamowego, dynamiczne zmiany technologiczne oraz potrzeba szybkiego skalowania kompetencji sprawiaj\u0105, \u017ce model body leasingu zyskuje na znaczeniu.<\/p><p><em>&#8211; Rynek digital marketingu wymaga dzi\u015b elastycznych i dojrza\u0142ych modeli wsp\u00f3\u0142pracy. Body leasing przestaje by\u0107 rozwi\u0105zaniem tymczasowym, a staje si\u0119 integralnym elementem strategii biznesowych naszych klient\u00f3w. Magda od lat doskonale rozumie potrzeby rynku, zespo\u0142\u00f3w i partner\u00f3w, dlatego jej awans na stanowisko Head of Talent &amp; Operations jest dla nas naturalnym krokiem i wa\u017cnym wzmocnieniem organizacji<\/em> &#8211; podkre\u015bla <b>Monika Sypczuk, CEO of BIDads<\/b>.<\/p>\t\t\t\t\t\t\t\t<\/div>\n\t\t\t\t<\/div>\n\t\t\t\t\t<\/div>\n\t\t\t\t<\/div>\n\t\t\t\t<\/div>","protected":false},"excerpt":{"rendered":"<p>Magdalena Radecka obj\u0119\u0142a stanowisko Head of Talent &amp; Operations w firmie BIDads, specjalizuj\u0105cej si\u0119 w body leasingu w obszarze digital marketingu. Jej awans wpisuje si\u0119 w strategi\u0119 rozwoju firmy, kt\u00f3ra konsekwentnie wzmacnia swoj\u0105 pozycj\u0119 jako partnera dostarczaj\u0105cego wyspecjalizowane zespo\u0142y i ekspert\u00f3w w obszarze marketingu cyfrowego.\u00a0 Magdalena Radecka jako Head of Talent &amp; Operations w BIDads [&hellip;]<\/p>","protected":false},"author":2,"featured_media":6033,"comment_status":"closed","ping_status":"open","sticky":false,"template":"","format":"standard","meta":{"footnotes":""},"categories":[25],"tags":[],"class_list":["post-5869","post","type-post","status-publish","format-standard","has-post-thumbnail","hentry","category-biuro-prasowe"],"yoast_head":"<!-- This site is optimized with the Yoast SEO plugin v25.2 - https:\/\/yoast.com\/wordpress\/plugins\/seo\/ -->\n<title>Magdalena Radecka na stanowisku Head of Talent &amp; Operations w BIDads<\/title>\n<meta name=\"description\" content=\"Magdalena Radecka obj\u0119\u0142a stanowisko Head of Talent &amp; Operations w firmie BIDads, specjalizuj\u0105cej si\u0119 w body leasingu w obszarze digital marketingu.\" \/>\n<meta name=\"robots\" content=\"index, follow, max-snippet:-1, max-image-preview:large, max-video-preview:-1\" \/>\n<link rel=\"canonical\" href=\"https:\/\/bidads.pl\/en\/magdalena-radecka-na-stanowisku-head-of-talent-operations-w-bidads\/\" \/>\n<meta property=\"og:locale\" content=\"en_GB\" \/>\n<meta property=\"og:type\" content=\"article\" \/>\n<meta property=\"og:title\" content=\"Magdalena Radecka na stanowisku Head of Talent &amp; Operations w BIDads\" \/>\n<meta property=\"og:description\" content=\"Magdalena Radecka obj\u0119\u0142a stanowisko Head of Talent &amp; Operations w firmie BIDads, specjalizuj\u0105cej si\u0119 w body leasingu w obszarze digital marketingu.\" \/>\n<meta property=\"og:url\" content=\"https:\/\/bidads.pl\/en\/magdalena-radecka-na-stanowisku-head-of-talent-operations-w-bidads\/\" \/>\n<meta property=\"og:site_name\" content=\"Bidads\" \/>\n<meta property=\"article:published_time\" content=\"2026-01-16T12:08:41+00:00\" \/>\n<meta property=\"article:modified_time\" content=\"2026-03-05T09:40:19+00:00\" \/>\n<meta property=\"og:image\" content=\"https:\/\/bidads.pl\/wp-content\/uploads\/2026\/01\/Magda-Radecka-BIDads-1-scaled.jpg\" \/>\n\t<meta property=\"og:image:width\" content=\"2560\" \/>\n\t<meta property=\"og:image:height\" content=\"1639\" \/>\n\t<meta property=\"og:image:type\" content=\"image\/jpeg\" \/>\n<meta name=\"author\" content=\"Admin\" \/>\n<meta name=\"twitter:card\" content=\"summary_large_image\" \/>\n<meta name=\"twitter:label1\" content=\"Written by\" \/>\n\t<meta name=\"twitter:data1\" content=\"Admin\" \/>\n\t<meta name=\"twitter:label2\" content=\"Estimated reading time\" \/>\n\t<meta name=\"twitter:data2\" content=\"2 minutes\" \/>\n<script type=\"application\/ld+json\" class=\"yoast-schema-graph\">{\"@context\":\"https:\/\/schema.org\",\"@graph\":[{\"@type\":\"Article\",\"@id\":\"https:\/\/bidads.pl\/magdalena-radecka-na-stanowisku-head-of-talent-operations-w-bidads\/#article\",\"isPartOf\":{\"@id\":\"https:\/\/bidads.pl\/magdalena-radecka-na-stanowisku-head-of-talent-operations-w-bidads\/\"},\"author\":{\"name\":\"Admin\",\"@id\":\"https:\/\/bidads.pl\/#\/schema\/person\/6d7a3f263e02dad58ea2d4a90b5411cd\"},\"headline\":\"Awans Magdaleny Radeckiej w BIDads\",\"datePublished\":\"2026-01-16T12:08:41+00:00\",\"dateModified\":\"2026-03-05T09:40:19+00:00\",\"mainEntityOfPage\":{\"@id\":\"https:\/\/bidads.pl\/magdalena-radecka-na-stanowisku-head-of-talent-operations-w-bidads\/\"},\"wordCount\":330,\"publisher\":{\"@id\":\"https:\/\/bidads.pl\/#organization\"},\"image\":{\"@id\":\"https:\/\/bidads.pl\/magdalena-radecka-na-stanowisku-head-of-talent-operations-w-bidads\/#primaryimage\"},\"thumbnailUrl\":\"https:\/\/bidads.pl\/wp-content\/uploads\/2026\/01\/Magda-Radecka-BIDads-1-scaled.jpg\",\"articleSection\":[\"Biuro prasowe\"],\"inLanguage\":\"en-GB\"},{\"@type\":\"WebPage\",\"@id\":\"https:\/\/bidads.pl\/magdalena-radecka-na-stanowisku-head-of-talent-operations-w-bidads\/\",\"url\":\"https:\/\/bidads.pl\/magdalena-radecka-na-stanowisku-head-of-talent-operations-w-bidads\/\",\"name\":\"Magdalena Radecka na stanowisku Head of Talent & Operations w BIDads\",\"isPartOf\":{\"@id\":\"https:\/\/bidads.pl\/#website\"},\"primaryImageOfPage\":{\"@id\":\"https:\/\/bidads.pl\/magdalena-radecka-na-stanowisku-head-of-talent-operations-w-bidads\/#primaryimage\"},\"image\":{\"@id\":\"https:\/\/bidads.pl\/magdalena-radecka-na-stanowisku-head-of-talent-operations-w-bidads\/#primaryimage\"},\"thumbnailUrl\":\"https:\/\/bidads.pl\/wp-content\/uploads\/2026\/01\/Magda-Radecka-BIDads-1-scaled.jpg\",\"datePublished\":\"2026-01-16T12:08:41+00:00\",\"dateModified\":\"2026-03-05T09:40:19+00:00\",\"description\":\"Magdalena Radecka obj\u0119\u0142a stanowisko Head of Talent & Operations w firmie BIDads, specjalizuj\u0105cej si\u0119 w body leasingu w obszarze digital marketingu.\",\"breadcrumb\":{\"@id\":\"https:\/\/bidads.pl\/magdalena-radecka-na-stanowisku-head-of-talent-operations-w-bidads\/#breadcrumb\"},\"inLanguage\":\"en-GB\",\"potentialAction\":[{\"@type\":\"ReadAction\",\"target\":[\"https:\/\/bidads.pl\/magdalena-radecka-na-stanowisku-head-of-talent-operations-w-bidads\/\"]}]},{\"@type\":\"ImageObject\",\"inLanguage\":\"en-GB\",\"@id\":\"https:\/\/bidads.pl\/magdalena-radecka-na-stanowisku-head-of-talent-operations-w-bidads\/#primaryimage\",\"url\":\"https:\/\/bidads.pl\/wp-content\/uploads\/2026\/01\/Magda-Radecka-BIDads-1-scaled.jpg\",\"contentUrl\":\"https:\/\/bidads.pl\/wp-content\/uploads\/2026\/01\/Magda-Radecka-BIDads-1-scaled.jpg\",\"width\":2560,\"height\":1639},{\"@type\":\"BreadcrumbList\",\"@id\":\"https:\/\/bidads.pl\/magdalena-radecka-na-stanowisku-head-of-talent-operations-w-bidads\/#breadcrumb\",\"itemListElement\":[{\"@type\":\"ListItem\",\"position\":1,\"name\":\"Strona g\u0142\u00f3wna\",\"item\":\"https:\/\/bidads.pl\/\"},{\"@type\":\"ListItem\",\"position\":2,\"name\":\"Awans Magdaleny Radeckiej w BIDads\"}]},{\"@type\":\"WebSite\",\"@id\":\"https:\/\/bidads.pl\/#website\",\"url\":\"https:\/\/bidads.pl\/\",\"name\":\"Bidads\",\"description\":\"\",\"publisher\":{\"@id\":\"https:\/\/bidads.pl\/#organization\"},\"potentialAction\":[{\"@type\":\"SearchAction\",\"target\":{\"@type\":\"EntryPoint\",\"urlTemplate\":\"https:\/\/bidads.pl\/?s={search_term_string}\"},\"query-input\":{\"@type\":\"PropertyValueSpecification\",\"valueRequired\":true,\"valueName\":\"search_term_string\"}}],\"inLanguage\":\"en-GB\"},{\"@type\":\"Organization\",\"@id\":\"https:\/\/bidads.pl\/#organization\",\"name\":\"Bidads\",\"url\":\"https:\/\/bidads.pl\/\",\"logo\":{\"@type\":\"ImageObject\",\"inLanguage\":\"en-GB\",\"@id\":\"https:\/\/bidads.pl\/#\/schema\/logo\/image\/\",\"url\":\"https:\/\/bidads.pl\/wp-content\/uploads\/2024\/12\/cropped-logo_BIDads.jpg\",\"contentUrl\":\"https:\/\/bidads.pl\/wp-content\/uploads\/2024\/12\/cropped-logo_BIDads.jpg\",\"width\":424,\"height\":424,\"caption\":\"Bidads\"},\"image\":{\"@id\":\"https:\/\/bidads.pl\/#\/schema\/logo\/image\/\"},\"sameAs\":[\"https:\/\/www.linkedin.com\/company\/bidads-sp-z-o-o\/\"]},{\"@type\":\"Person\",\"@id\":\"https:\/\/bidads.pl\/#\/schema\/person\/6d7a3f263e02dad58ea2d4a90b5411cd\",\"name\":\"Admin\",\"image\":{\"@type\":\"ImageObject\",\"inLanguage\":\"en-GB\",\"@id\":\"https:\/\/bidads.pl\/#\/schema\/person\/image\/\",\"url\":\"https:\/\/secure.gravatar.com\/avatar\/4bca664305a2f02d87e8b779e3ee3ca0c3a9ad372a77ba6cad738e24e3818b82?s=96&d=mm&r=g\",\"contentUrl\":\"https:\/\/secure.gravatar.com\/avatar\/4bca664305a2f02d87e8b779e3ee3ca0c3a9ad372a77ba6cad738e24e3818b82?s=96&d=mm&r=g\",\"caption\":\"Admin\"},\"url\":\"https:\/\/bidads.pl\/en\/author\/monikab\/\"}]}<\/script>\n<!-- \/ Yoast SEO plugin. -->","yoast_head_json":{"title":"Magdalena Radecka na stanowisku Head of Talent & Operations w BIDads","description":"Magdalena Radecka obj\u0119\u0142a stanowisko Head of Talent & Operations w firmie BIDads, specjalizuj\u0105cej si\u0119 w body leasingu w obszarze digital marketingu.","robots":{"index":"index","follow":"follow","max-snippet":"max-snippet:-1","max-image-preview":"max-image-preview:large","max-video-preview":"max-video-preview:-1"},"canonical":"https:\/\/bidads.pl\/en\/magdalena-radecka-na-stanowisku-head-of-talent-operations-w-bidads\/","og_locale":"en_GB","og_type":"article","og_title":"Magdalena Radecka na stanowisku Head of Talent & Operations w BIDads","og_description":"Magdalena Radecka obj\u0119\u0142a stanowisko Head of Talent & Operations w firmie BIDads, specjalizuj\u0105cej si\u0119 w body leasingu w obszarze digital marketingu.","og_url":"https:\/\/bidads.pl\/en\/magdalena-radecka-na-stanowisku-head-of-talent-operations-w-bidads\/","og_site_name":"Bidads","article_published_time":"2026-01-16T12:08:41+00:00","article_modified_time":"2026-03-05T09:40:19+00:00","og_image":[{"width":2560,"height":1639,"url":"https:\/\/bidads.pl\/wp-content\/uploads\/2026\/01\/Magda-Radecka-BIDads-1-scaled.jpg","type":"image\/jpeg"}],"author":"Admin","twitter_card":"summary_large_image","twitter_misc":{"Written by":"Admin","Estimated reading time":"2 minutes"},"schema":{"@context":"https:\/\/schema.org","@graph":[{"@type":"Article","@id":"https:\/\/bidads.pl\/magdalena-radecka-na-stanowisku-head-of-talent-operations-w-bidads\/#article","isPartOf":{"@id":"https:\/\/bidads.pl\/magdalena-radecka-na-stanowisku-head-of-talent-operations-w-bidads\/"},"author":{"name":"Admin","@id":"https:\/\/bidads.pl\/#\/schema\/person\/6d7a3f263e02dad58ea2d4a90b5411cd"},"headline":"Awans Magdaleny Radeckiej w BIDads","datePublished":"2026-01-16T12:08:41+00:00","dateModified":"2026-03-05T09:40:19+00:00","mainEntityOfPage":{"@id":"https:\/\/bidads.pl\/magdalena-radecka-na-stanowisku-head-of-talent-operations-w-bidads\/"},"wordCount":330,"publisher":{"@id":"https:\/\/bidads.pl\/#organization"},"image":{"@id":"https:\/\/bidads.pl\/magdalena-radecka-na-stanowisku-head-of-talent-operations-w-bidads\/#primaryimage"},"thumbnailUrl":"https:\/\/bidads.pl\/wp-content\/uploads\/2026\/01\/Magda-Radecka-BIDads-1-scaled.jpg","articleSection":["Biuro prasowe"],"inLanguage":"en-GB"},{"@type":"WebPage","@id":"https:\/\/bidads.pl\/magdalena-radecka-na-stanowisku-head-of-talent-operations-w-bidads\/","url":"https:\/\/bidads.pl\/magdalena-radecka-na-stanowisku-head-of-talent-operations-w-bidads\/","name":"Magdalena Radecka na stanowisku Head of Talent & Operations w BIDads","isPartOf":{"@id":"https:\/\/bidads.pl\/#website"},"primaryImageOfPage":{"@id":"https:\/\/bidads.pl\/magdalena-radecka-na-stanowisku-head-of-talent-operations-w-bidads\/#primaryimage"},"image":{"@id":"https:\/\/bidads.pl\/magdalena-radecka-na-stanowisku-head-of-talent-operations-w-bidads\/#primaryimage"},"thumbnailUrl":"https:\/\/bidads.pl\/wp-content\/uploads\/2026\/01\/Magda-Radecka-BIDads-1-scaled.jpg","datePublished":"2026-01-16T12:08:41+00:00","dateModified":"2026-03-05T09:40:19+00:00","description":"Magdalena Radecka obj\u0119\u0142a stanowisko Head of Talent & Operations w firmie BIDads, specjalizuj\u0105cej si\u0119 w body leasingu w obszarze digital marketingu.","breadcrumb":{"@id":"https:\/\/bidads.pl\/magdalena-radecka-na-stanowisku-head-of-talent-operations-w-bidads\/#breadcrumb"},"inLanguage":"en-GB","potentialAction":[{"@type":"ReadAction","target":["https:\/\/bidads.pl\/magdalena-radecka-na-stanowisku-head-of-talent-operations-w-bidads\/"]}]},{"@type":"ImageObject","inLanguage":"en-GB","@id":"https:\/\/bidads.pl\/magdalena-radecka-na-stanowisku-head-of-talent-operations-w-bidads\/#primaryimage","url":"https:\/\/bidads.pl\/wp-content\/uploads\/2026\/01\/Magda-Radecka-BIDads-1-scaled.jpg","contentUrl":"https:\/\/bidads.pl\/wp-content\/uploads\/2026\/01\/Magda-Radecka-BIDads-1-scaled.jpg","width":2560,"height":1639},{"@type":"BreadcrumbList","@id":"https:\/\/bidads.pl\/magdalena-radecka-na-stanowisku-head-of-talent-operations-w-bidads\/#breadcrumb","itemListElement":[{"@type":"ListItem","position":1,"name":"Strona g\u0142\u00f3wna","item":"https:\/\/bidads.pl\/"},{"@type":"ListItem","position":2,"name":"Awans Magdaleny Radeckiej w BIDads"}]},{"@type":"WebSite","@id":"https:\/\/bidads.pl\/#website","url":"https:\/\/bidads.pl\/","name":"Bidads","description":"","publisher":{"@id":"https:\/\/bidads.pl\/#organization"},"potentialAction":[{"@type":"SearchAction","target":{"@type":"EntryPoint","urlTemplate":"https:\/\/bidads.pl\/?s={search_term_string}"},"query-input":{"@type":"PropertyValueSpecification","valueRequired":true,"valueName":"search_term_string"}}],"inLanguage":"en-GB"},{"@type":"Organization","@id":"https:\/\/bidads.pl\/#organization","name":"Bidads","url":"https:\/\/bidads.pl\/","logo":{"@type":"ImageObject","inLanguage":"en-GB","@id":"https:\/\/bidads.pl\/#\/schema\/logo\/image\/","url":"https:\/\/bidads.pl\/wp-content\/uploads\/2024\/12\/cropped-logo_BIDads.jpg","contentUrl":"https:\/\/bidads.pl\/wp-content\/uploads\/2024\/12\/cropped-logo_BIDads.jpg","width":424,"height":424,"caption":"Bidads"},"image":{"@id":"https:\/\/bidads.pl\/#\/schema\/logo\/image\/"},"sameAs":["https:\/\/www.linkedin.com\/company\/bidads-sp-z-o-o\/"]},{"@type":"Person","@id":"https:\/\/bidads.pl\/#\/schema\/person\/6d7a3f263e02dad58ea2d4a90b5411cd","name":"Admin","image":{"@type":"ImageObject","inLanguage":"en-GB","@id":"https:\/\/bidads.pl\/#\/schema\/person\/image\/","url":"https:\/\/secure.gravatar.com\/avatar\/4bca664305a2f02d87e8b779e3ee3ca0c3a9ad372a77ba6cad738e24e3818b82?s=96&d=mm&r=g","contentUrl":"https:\/\/secure.gravatar.com\/avatar\/4bca664305a2f02d87e8b779e3ee3ca0c3a9ad372a77ba6cad738e24e3818b82?s=96&d=mm&r=g","caption":"Admin"},"url":"https:\/\/bidads.pl\/en\/author\/monikab\/"}]}},"_links":{"self":[{"href":"https:\/\/bidads.pl\/en\/wp-json\/wp\/v2\/posts\/5869","targetHints":{"allow":["GET"]}}],"collection":[{"href":"https:\/\/bidads.pl\/en\/wp-json\/wp\/v2\/posts"}],"about":[{"href":"https:\/\/bidads.pl\/en\/wp-json\/wp\/v2\/types\/post"}],"author":[{"embeddable":true,"href":"https:\/\/bidads.pl\/en\/wp-json\/wp\/v2\/users\/2"}],"replies":[{"embeddable":true,"href":"https:\/\/bidads.pl\/en\/wp-json\/wp\/v2\/comments?post=5869"}],"version-history":[{"count":23,"href":"https:\/\/bidads.pl\/en\/wp-json\/wp\/v2\/posts\/5869\/revisions"}],"predecessor-version":[{"id":5988,"href":"https:\/\/bidads.pl\/en\/wp-json\/wp\/v2\/posts\/5869\/revisions\/5988"}],"wp:featuredmedia":[{"embeddable":true,"href":"https:\/\/bidads.pl\/en\/wp-json\/wp\/v2\/media\/6033"}],"wp:attachment":[{"href":"https:\/\/bidads.pl\/en\/wp-json\/wp\/v2\/media?parent=5869"}],"wp:term":[{"taxonomy":"category","embeddable":true,"href":"https:\/\/bidads.pl\/en\/wp-json\/wp\/v2\/categories?post=5869"},{"taxonomy":"post_tag","embeddable":true,"href":"https:\/\/bidads.pl\/en\/wp-json\/wp\/v2\/tags?post=5869"}],"curies":[{"name":"wp","href":"https:\/\/api.w.org\/{rel}","templated":true}]}}